{"id":1804,"date":"2012-05-20T08:00:43","date_gmt":"2012-05-20T05:00:43","guid":{"rendered":"https:\/\/www.logosseminerleri.org\/?p=1804"},"modified":"2024-03-31T07:56:37","modified_gmt":"2024-03-31T04:56:37","slug":"evrim-calistayi","status":"publish","type":"post","link":"https:\/\/www.logosseminerleri.org\/index.php\/2012\/05\/20\/evrim-calistayi\/","title":{"rendered":"Evrim \u00c7al\u0131\u015ftay\u0131"},"content":{"rendered":"\t\t<div data-elementor-type=\"wp-post\" data-elementor-id=\"1804\" class=\"elementor elementor-1804\">\n\t\t\t\t<div class=\"elementor-element elementor-element-5f4ee41 e-flex e-con-boxed e-con e-parent\" data-id=\"5f4ee41\" data-element_type=\"container\" data-e-type=\"container\">\n\t\t\t\t\t<div class=\"e-con-inner\">\n\t\t\t\t<div class=\"elementor-element elementor-element-1baadae elementor-widget elementor-widget-heading\" data-id=\"1baadae\" data-element_type=\"widget\" data-e-type=\"widget\" data-widget_type=\"heading.default\">\n\t\t\t\t<div class=\"elementor-widget-container\">\n\t\t\t\t\t<h2 class=\"elementor-heading-title elementor-size-default\">Evrim \u00c7al\u0131\u015ftay\u0131, 20 Nisan 2012, Matematik K\u00f6y\u00fc<\/h2>\t\t\t\t<\/div>\n\t\t\t\t<\/div>\n\t\t\t\t\t<\/div>\n\t\t\t\t<\/div>\n\t\t<div class=\"elementor-element elementor-element-6b50995 e-flex e-con-boxed e-con e-parent\" data-id=\"6b50995\" data-element_type=\"container\" data-e-type=\"container\">\n\t\t\t\t\t<div class=\"e-con-inner\">\n\t\t\t\t<div class=\"elementor-element elementor-element-1233f5e elementor-widget elementor-widget-text-editor\" data-id=\"1233f5e\" data-element_type=\"widget\" data-e-type=\"widget\" data-widget_type=\"text-editor.default\">\n\t\t\t\t<div class=\"elementor-widget-container\">\n\t\t\t\t\t\t\t\t\t<p>Evrim kuram\u0131n\u0131 de\u011fi\u015fik y\u00f6nleriyle ele alarak, alan\u0131nda uzman biyolog, paleontolog, psikolog ve felsefecilerce de\u011fi\u015fik disiplinlerden gelen ara\u015ft\u0131rmac\u0131, \u00f6\u011frenci ve kat\u0131l\u0131mc\u0131lara sunmaya \u00e7al\u0131\u015ft\u0131k.<\/p><p>\u00c7al\u0131\u015ftay boyunca, etkile\u015fimli bir tart\u0131\u015fma ortam\u0131 olu\u015fturularak konunun uzmanlar\u0131yla kat\u0131l\u0131mc\u0131lar aras\u0131nda etkin bir ileti\u015fim kurulmas\u0131na katk\u0131 sa\u011flamay\u0131 ama\u00e7lad\u0131k.<\/p><p>\u00c7al\u0131\u015ftayda, sunumlar ve tart\u0131\u015fmalar sayesinde g\u00fcncel bilimsel geli\u015fmeler \u00f6\u011frenciler, ara\u015ft\u0131rmac\u0131lar ve uzmanlar aras\u0131nda kar\u015f\u0131l\u0131kl\u0131 olarak aktar\u0131lmas\u0131na vesile olduk.<\/p>\t\t\t\t\t\t\t\t<\/div>\n\t\t\t\t<\/div>\n\t\t\t\t\t<\/div>\n\t\t\t\t<\/div>\n\t\t<div class=\"elementor-element elementor-element-4dea8ec e-flex e-con-boxed e-con e-parent\" data-id=\"4dea8ec\" data-element_type=\"container\" data-e-type=\"container\">\n\t\t\t\t\t<div class=\"e-con-inner\">\n\t\t\t\t<div class=\"elementor-element elementor-element-c6dba38 elementor-widget elementor-widget-accordion\" data-id=\"c6dba38\" data-element_type=\"widget\" data-e-type=\"widget\" data-widget_type=\"accordion.default\">\n\t\t\t\t<div class=\"elementor-widget-container\">\n\t\t\t\t\t\t\t<div class=\"elementor-accordion\">\n\t\t\t\t\t\t\t<div class=\"elementor-accordion-item\">\n\t\t\t\t\t<div id=\"elementor-tab-title-2081\" class=\"elementor-tab-title\" data-tab=\"1\" role=\"button\" aria-controls=\"elementor-tab-content-2081\" aria-expanded=\"false\">\n\t\t\t\t\t\t\t\t\t\t\t\t\t<span class=\"elementor-accordion-icon elementor-accordion-icon-left\" aria-hidden=\"true\">\n\t\t\t\t\t\t\t\t\t\t\t\t\t\t\t<span class=\"elementor-accordion-icon-closed\"><svg class=\"e-font-icon-svg e-fas-plus\" viewBox=\"0 0 448 512\" xmlns=\"http:\/\/www.w3.org\/2000\/svg\"><path d=\"M416 208H272V64c0-17.67-14.33-32-32-32h-32c-17.67 0-32 14.33-32 32v144H32c-17.67 0-32 14.33-32 32v32c0 17.67 14.33 32 32 32h144v144c0 17.67 14.33 32 32 32h32c17.67 0 32-14.33 32-32V304h144c17.67 0 32-14.33 32-32v-32c0-17.67-14.33-32-32-32z\"><\/path><\/svg><\/span>\n\t\t\t\t\t\t\t\t<span class=\"elementor-accordion-icon-opened\"><svg class=\"e-font-icon-svg e-fas-minus\" viewBox=\"0 0 448 512\" xmlns=\"http:\/\/www.w3.org\/2000\/svg\"><path d=\"M416 208H32c-17.67 0-32 14.33-32 32v32c0 17.67 14.33 32 32 32h384c17.67 0 32-14.33 32-32v-32c0-17.67-14.33-32-32-32z\"><\/path><\/svg><\/span>\n\t\t\t\t\t\t\t\t\t\t\t\t\t\t<\/span>\n\t\t\t\t\t\t\t\t\t\t\t\t<a class=\"elementor-accordion-title\" tabindex=\"0\">B\u00fcy\u00fck Patlama Ba\u011flam\u0131nda Kozmik Evrim ve Kar\u015f\u0131t G\u00f6r\u00fc\u015fler (Rennan Pek\u00fcnl\u00fc)<\/a>\n\t\t\t\t\t<\/div>\n\t\t\t\t\t<div id=\"elementor-tab-content-2081\" class=\"elementor-tab-content elementor-clearfix\" data-tab=\"1\" role=\"region\" aria-labelledby=\"elementor-tab-title-2081\"><p><em>&#8220;Evrenbilimin u\u011fra\u015f alan\u0131, evrenin bir b\u00fct\u00fcn olarak nas\u0131l ba\u015flad\u0131\u011f\u0131n\u0131, ge\u00e7irdi\u011fi evrim a\u015famalar\u0131n\u0131, gelece\u011fini inceleyen; evrendeki b\u00fcy\u00fck \u00f6l\u00e7ekli yap\u0131lar\u0131n, Mikrodalga Art alan I\u015f\u0131n\u0131m\u0131n\u0131n, Hafif Element Bolluklar\u0131n\u0131n kayna\u011f\u0131n\u0131 ara\u015ft\u0131ran bilim alan\u0131d\u0131r.&#8221;<\/em><\/p><p>Sunumda da\u00a0 B\u00fcy\u00fck Patlama\u2019n\u0131n \u00e7ok zay\u0131flam\u0131\u015f ve hatta s\u00f6ylenceye d\u00f6nm\u00fc\u015f olmas\u0131na kar\u015f\u0131n hala bask\u0131n (!) evren modeli olma ayr\u0131cal\u0131\u011f\u0131n\u0131 s\u00fcrd\u00fcrmesinin nedeninin kavranabilmesi i\u00e7in bu d\u00fc\u015f\u00fcncelerin do\u011fup ye\u015ferdi\u011fi tarihsel ba\u011flamlar\u0131n ve bu \u00e7a\u011flara damgas\u0131n\u0131 vuran toplumsal ideolojilerin de iyi anla\u015f\u0131lmas\u0131 gereklili\u011fi g\u00fcndeme getirilmi\u015ftir.<\/p><\/div>\n\t\t\t\t<\/div>\n\t\t\t\t\t\t\t<div class=\"elementor-accordion-item\">\n\t\t\t\t\t<div id=\"elementor-tab-title-2082\" class=\"elementor-tab-title\" data-tab=\"2\" role=\"button\" aria-controls=\"elementor-tab-content-2082\" aria-expanded=\"false\">\n\t\t\t\t\t\t\t\t\t\t\t\t\t<span class=\"elementor-accordion-icon elementor-accordion-icon-left\" aria-hidden=\"true\">\n\t\t\t\t\t\t\t\t\t\t\t\t\t\t\t<span class=\"elementor-accordion-icon-closed\"><svg class=\"e-font-icon-svg e-fas-plus\" viewBox=\"0 0 448 512\" xmlns=\"http:\/\/www.w3.org\/2000\/svg\"><path d=\"M416 208H272V64c0-17.67-14.33-32-32-32h-32c-17.67 0-32 14.33-32 32v144H32c-17.67 0-32 14.33-32 32v32c0 17.67 14.33 32 32 32h144v144c0 17.67 14.33 32 32 32h32c17.67 0 32-14.33 32-32V304h144c17.67 0 32-14.33 32-32v-32c0-17.67-14.33-32-32-32z\"><\/path><\/svg><\/span>\n\t\t\t\t\t\t\t\t<span class=\"elementor-accordion-icon-opened\"><svg class=\"e-font-icon-svg e-fas-minus\" viewBox=\"0 0 448 512\" xmlns=\"http:\/\/www.w3.org\/2000\/svg\"><path d=\"M416 208H32c-17.67 0-32 14.33-32 32v32c0 17.67 14.33 32 32 32h384c17.67 0 32-14.33 32-32v-32c0-17.67-14.33-32-32-32z\"><\/path><\/svg><\/span>\n\t\t\t\t\t\t\t\t\t\t\t\t\t\t<\/span>\n\t\t\t\t\t\t\t\t\t\t\t\t<a class=\"elementor-accordion-title\" tabindex=\"0\">Evrimsel Biyolojinin Tarihi ve Temel K\u0131r\u0131lma Noktalar\u0131 (Ergi Deniz \u00d6zsoy)<\/a>\n\t\t\t\t\t<\/div>\n\t\t\t\t\t<div id=\"elementor-tab-content-2082\" class=\"elementor-tab-content elementor-clearfix\" data-tab=\"2\" role=\"region\" aria-labelledby=\"elementor-tab-title-2082\"><p>Evrimsel biyolojinin, T\u00fcrlerin K\u00f6keni\u2019nin yay\u0131nlanmas\u0131ndan sonra biyoloji bilimini nas\u0131l d\u00f6n\u00fc\u015ft\u00fcrd\u00fc\u011f\u00fc, 20. y\u00fczy\u0131l\u0131n ba\u015flar\u0131ndan 1940\u2019l\u0131 y\u0131llara dek klasik evrimsel biyoloji ile geneti\u011fin birle\u015fimiyle evrimsel biyolojinin mekanistik yap\u0131s\u0131n\u0131n nas\u0131l kuruldu\u011fu k\u0131saca anlat\u0131ld\u0131ktan sonra, molek\u00fcler evrim ve n\u00f6tral teori tart\u0131\u015fmalar\u0131yla \u015fekillenen yirminci y\u00fczy\u0131l\u0131n son \u00e7eyre\u011findeki evrimsel biyolojin kuramsal yap\u0131s\u0131n\u0131n sa\u011flad\u0131\u011f\u0131 olanaklar, son on y\u0131l\u0131n evrimsel genomik perspektifi i\u00e7inde de\u011ferlendirilmi\u015ftir.<\/p><\/div>\n\t\t\t\t<\/div>\n\t\t\t\t\t\t\t<div class=\"elementor-accordion-item\">\n\t\t\t\t\t<div id=\"elementor-tab-title-2083\" class=\"elementor-tab-title\" data-tab=\"3\" role=\"button\" aria-controls=\"elementor-tab-content-2083\" aria-expanded=\"false\">\n\t\t\t\t\t\t\t\t\t\t\t\t\t<span class=\"elementor-accordion-icon elementor-accordion-icon-left\" aria-hidden=\"true\">\n\t\t\t\t\t\t\t\t\t\t\t\t\t\t\t<span class=\"elementor-accordion-icon-closed\"><svg class=\"e-font-icon-svg e-fas-plus\" viewBox=\"0 0 448 512\" xmlns=\"http:\/\/www.w3.org\/2000\/svg\"><path d=\"M416 208H272V64c0-17.67-14.33-32-32-32h-32c-17.67 0-32 14.33-32 32v144H32c-17.67 0-32 14.33-32 32v32c0 17.67 14.33 32 32 32h144v144c0 17.67 14.33 32 32 32h32c17.67 0 32-14.33 32-32V304h144c17.67 0 32-14.33 32-32v-32c0-17.67-14.33-32-32-32z\"><\/path><\/svg><\/span>\n\t\t\t\t\t\t\t\t<span class=\"elementor-accordion-icon-opened\"><svg class=\"e-font-icon-svg e-fas-minus\" viewBox=\"0 0 448 512\" xmlns=\"http:\/\/www.w3.org\/2000\/svg\"><path d=\"M416 208H32c-17.67 0-32 14.33-32 32v32c0 17.67 14.33 32 32 32h384c17.67 0 32-14.33 32-32v-32c0-17.67-14.33-32-32-32z\"><\/path><\/svg><\/span>\n\t\t\t\t\t\t\t\t\t\t\t\t\t\t<\/span>\n\t\t\t\t\t\t\t\t\t\t\t\t<a class=\"elementor-accordion-title\" tabindex=\"0\">Genetik Algoritmalar (Mustafa Suphi Erden)<\/a>\n\t\t\t\t\t<\/div>\n\t\t\t\t\t<div id=\"elementor-tab-content-2083\" class=\"elementor-tab-content elementor-clearfix\" data-tab=\"3\" role=\"region\" aria-labelledby=\"elementor-tab-title-2083\"><p>Sunumda say\u0131sal (bilgisayar ortam\u0131nda ger\u00e7ekle\u015ftirilen) bir muhendislik tekni\u011fi olan \u201cgenetik algoritmalar\u201d anlat\u0131ld\u0131.<\/p><p><em>Genetik algoritmalar, bir optimizasyon tekni\u011fidir. Evrim seminerleri a\u00e7\u0131s\u0131ndan genetik algoritmalar\u0131 ilgin\u00e7 k\u0131lan bu tekni\u011fin biyolojik evrimden esinlenerek geli\u015ftirilmi\u015f olmas\u0131d\u0131r. Biyolojik evrimin kal\u0131t\u0131m, do\u011fal se\u00e7ilim ve de\u011fi\u015fim \u00f6zellikleri say\u0131sal ortamda taklit edilmi\u015ftir. B\u00f6ylece, biyolojik evrimin do\u011fada en ba\u015far\u0131l\u0131 t\u00fcrleri yaratmas\u0131 gibi, genetik algoritmalar\u0131n da en iyi sonu\u00e7lar\u0131 verecek say\u0131sal\/matematiksel yap\u0131lar\u0131 \u00fcretece\u011fi d\u00fc\u015f\u00fcn\u00fclm\u00fc\u015ft\u00fcr. Ger\u00e7ekten de genetik algoritmalar ile \u00e7ok karma\u015f\u0131k problemlere \u00e7\u00f6z\u00fcm \u00fcretilebilmi\u015ftir. \u0130nsan zekas\u0131n\u0131n gerekli oldu\u011fu d\u00fc\u015f\u00fcn\u00fclen baz\u0131 tasar\u0131m problemleri i\u00e7in insanlar\u0131nki kadar iyi, hatta insanlar\u0131nkinden daha iyi yap\u0131lar geli\u015ftirilebilmi\u015ftir.<\/em><\/p><\/div>\n\t\t\t\t<\/div>\n\t\t\t\t\t\t\t<div class=\"elementor-accordion-item\">\n\t\t\t\t\t<div id=\"elementor-tab-title-2084\" class=\"elementor-tab-title\" data-tab=\"4\" role=\"button\" aria-controls=\"elementor-tab-content-2084\" aria-expanded=\"false\">\n\t\t\t\t\t\t\t\t\t\t\t\t\t<span class=\"elementor-accordion-icon elementor-accordion-icon-left\" aria-hidden=\"true\">\n\t\t\t\t\t\t\t\t\t\t\t\t\t\t\t<span class=\"elementor-accordion-icon-closed\"><svg class=\"e-font-icon-svg e-fas-plus\" viewBox=\"0 0 448 512\" xmlns=\"http:\/\/www.w3.org\/2000\/svg\"><path d=\"M416 208H272V64c0-17.67-14.33-32-32-32h-32c-17.67 0-32 14.33-32 32v144H32c-17.67 0-32 14.33-32 32v32c0 17.67 14.33 32 32 32h144v144c0 17.67 14.33 32 32 32h32c17.67 0 32-14.33 32-32V304h144c17.67 0 32-14.33 32-32v-32c0-17.67-14.33-32-32-32z\"><\/path><\/svg><\/span>\n\t\t\t\t\t\t\t\t<span class=\"elementor-accordion-icon-opened\"><svg class=\"e-font-icon-svg e-fas-minus\" viewBox=\"0 0 448 512\" xmlns=\"http:\/\/www.w3.org\/2000\/svg\"><path d=\"M416 208H32c-17.67 0-32 14.33-32 32v32c0 17.67 14.33 32 32 32h384c17.67 0 32-14.33 32-32v-32c0-17.67-14.33-32-32-32z\"><\/path><\/svg><\/span>\n\t\t\t\t\t\t\t\t\t\t\t\t\t\t<\/span>\n\t\t\t\t\t\t\t\t\t\t\t\t<a class=\"elementor-accordion-title\" tabindex=\"0\">Ya\u015fam\u0131n K\u00f6keni Ara\u015ft\u0131rmalar\u0131 (\u00c7a\u011fatay Tarhan)<\/a>\n\t\t\t\t\t<\/div>\n\t\t\t\t\t<div id=\"elementor-tab-content-2084\" class=\"elementor-tab-content elementor-clearfix\" data-tab=\"4\" role=\"region\" aria-labelledby=\"elementor-tab-title-2084\"><\/div>\n\t\t\t\t<\/div>\n\t\t\t\t\t\t\t<div class=\"elementor-accordion-item\">\n\t\t\t\t\t<div id=\"elementor-tab-title-2085\" class=\"elementor-tab-title\" data-tab=\"5\" role=\"button\" aria-controls=\"elementor-tab-content-2085\" aria-expanded=\"false\">\n\t\t\t\t\t\t\t\t\t\t\t\t\t<span class=\"elementor-accordion-icon elementor-accordion-icon-left\" aria-hidden=\"true\">\n\t\t\t\t\t\t\t\t\t\t\t\t\t\t\t<span class=\"elementor-accordion-icon-closed\"><svg class=\"e-font-icon-svg e-fas-plus\" viewBox=\"0 0 448 512\" xmlns=\"http:\/\/www.w3.org\/2000\/svg\"><path d=\"M416 208H272V64c0-17.67-14.33-32-32-32h-32c-17.67 0-32 14.33-32 32v144H32c-17.67 0-32 14.33-32 32v32c0 17.67 14.33 32 32 32h144v144c0 17.67 14.33 32 32 32h32c17.67 0 32-14.33 32-32V304h144c17.67 0 32-14.33 32-32v-32c0-17.67-14.33-32-32-32z\"><\/path><\/svg><\/span>\n\t\t\t\t\t\t\t\t<span class=\"elementor-accordion-icon-opened\"><svg class=\"e-font-icon-svg e-fas-minus\" viewBox=\"0 0 448 512\" xmlns=\"http:\/\/www.w3.org\/2000\/svg\"><path d=\"M416 208H32c-17.67 0-32 14.33-32 32v32c0 17.67 14.33 32 32 32h384c17.67 0 32-14.33 32-32v-32c0-17.67-14.33-32-32-32z\"><\/path><\/svg><\/span>\n\t\t\t\t\t\t\t\t\t\t\t\t\t\t<\/span>\n\t\t\t\t\t\t\t\t\t\t\t\t<a class=\"elementor-accordion-title\" tabindex=\"0\">Temel Genetik ve Evrimin Temel Mekanizmalar\u0131 (Ergi Deniz \u00d6zsoy)<\/a>\n\t\t\t\t\t<\/div>\n\t\t\t\t\t<div id=\"elementor-tab-content-2085\" class=\"elementor-tab-content elementor-clearfix\" data-tab=\"5\" role=\"region\" aria-labelledby=\"elementor-tab-title-2085\"><p>Bu ba\u015fl\u0131k iki ayr\u0131 sunum ile i\u015flendi.<\/p><p><strong>I \u2013Do\u011fal Se\u00e7ilimle;<\/strong><\/p><p>ba\u015fl\u0131kl\u0131 sunumda temel Mendel geneti\u011fi ve genin ve gen ifadesinin molek\u00fcler biyolojisine ili\u015fkin k\u0131sa bir bilgilendirmenin ard\u0131ndan, do\u011fal se\u00e7ilimin genetik kuram\u0131, de\u011fi\u015fik y\u00fczleriyle ve \u00f6rneklerle a\u00e7\u0131kland\u0131.<\/p><p><strong>II \u2013Rastlant\u0131sal S\u00fcre\u00e7lerle;<\/strong><\/p><p>ba\u015fl\u0131kl\u0131 sunumda ise deterministik bir s\u00fcre\u00e7 olarak tan\u0131mlanan ve do\u011fal se\u00e7ilimin z\u0131dd\u0131 say\u0131labilecek genetik s\u00fcr\u00fcklenme ile evrimle\u015fme, rastgelelik i\u00e7eren bir evrimsel s\u00fcre\u00e7 olarak, \u00f6rnekleriyle aktar\u0131ld\u0131.<\/p><\/div>\n\t\t\t\t<\/div>\n\t\t\t\t\t\t\t<div class=\"elementor-accordion-item\">\n\t\t\t\t\t<div id=\"elementor-tab-title-2086\" class=\"elementor-tab-title\" data-tab=\"6\" role=\"button\" aria-controls=\"elementor-tab-content-2086\" aria-expanded=\"false\">\n\t\t\t\t\t\t\t\t\t\t\t\t\t<span class=\"elementor-accordion-icon elementor-accordion-icon-left\" aria-hidden=\"true\">\n\t\t\t\t\t\t\t\t\t\t\t\t\t\t\t<span class=\"elementor-accordion-icon-closed\"><svg class=\"e-font-icon-svg e-fas-plus\" viewBox=\"0 0 448 512\" xmlns=\"http:\/\/www.w3.org\/2000\/svg\"><path d=\"M416 208H272V64c0-17.67-14.33-32-32-32h-32c-17.67 0-32 14.33-32 32v144H32c-17.67 0-32 14.33-32 32v32c0 17.67 14.33 32 32 32h144v144c0 17.67 14.33 32 32 32h32c17.67 0 32-14.33 32-32V304h144c17.67 0 32-14.33 32-32v-32c0-17.67-14.33-32-32-32z\"><\/path><\/svg><\/span>\n\t\t\t\t\t\t\t\t<span class=\"elementor-accordion-icon-opened\"><svg class=\"e-font-icon-svg e-fas-minus\" viewBox=\"0 0 448 512\" xmlns=\"http:\/\/www.w3.org\/2000\/svg\"><path d=\"M416 208H32c-17.67 0-32 14.33-32 32v32c0 17.67 14.33 32 32 32h384c17.67 0 32-14.33 32-32v-32c0-17.67-14.33-32-32-32z\"><\/path><\/svg><\/span>\n\t\t\t\t\t\t\t\t\t\t\t\t\t\t<\/span>\n\t\t\t\t\t\t\t\t\t\t\t\t<a class=\"elementor-accordion-title\" tabindex=\"0\">\u0130nsan\u0131n Evrimi (Berna Alpagut)<\/a>\n\t\t\t\t\t<\/div>\n\t\t\t\t\t<div id=\"elementor-tab-content-2086\" class=\"elementor-tab-content elementor-clearfix\" data-tab=\"6\" role=\"region\" aria-labelledby=\"elementor-tab-title-2086\"><\/div>\n\t\t\t\t<\/div>\n\t\t\t\t\t\t\t<div class=\"elementor-accordion-item\">\n\t\t\t\t\t<div id=\"elementor-tab-title-2087\" class=\"elementor-tab-title\" data-tab=\"7\" role=\"button\" aria-controls=\"elementor-tab-content-2087\" aria-expanded=\"false\">\n\t\t\t\t\t\t\t\t\t\t\t\t\t<span class=\"elementor-accordion-icon elementor-accordion-icon-left\" aria-hidden=\"true\">\n\t\t\t\t\t\t\t\t\t\t\t\t\t\t\t<span class=\"elementor-accordion-icon-closed\"><svg class=\"e-font-icon-svg e-fas-plus\" viewBox=\"0 0 448 512\" xmlns=\"http:\/\/www.w3.org\/2000\/svg\"><path d=\"M416 208H272V64c0-17.67-14.33-32-32-32h-32c-17.67 0-32 14.33-32 32v144H32c-17.67 0-32 14.33-32 32v32c0 17.67 14.33 32 32 32h144v144c0 17.67 14.33 32 32 32h32c17.67 0 32-14.33 32-32V304h144c17.67 0 32-14.33 32-32v-32c0-17.67-14.33-32-32-32z\"><\/path><\/svg><\/span>\n\t\t\t\t\t\t\t\t<span class=\"elementor-accordion-icon-opened\"><svg class=\"e-font-icon-svg e-fas-minus\" viewBox=\"0 0 448 512\" xmlns=\"http:\/\/www.w3.org\/2000\/svg\"><path d=\"M416 208H32c-17.67 0-32 14.33-32 32v32c0 17.67 14.33 32 32 32h384c17.67 0 32-14.33 32-32v-32c0-17.67-14.33-32-32-32z\"><\/path><\/svg><\/span>\n\t\t\t\t\t\t\t\t\t\t\t\t\t\t<\/span>\n\t\t\t\t\t\t\t\t\t\t\t\t<a class=\"elementor-accordion-title\" tabindex=\"0\">Evrim Felsefesi (Mehmet Elgin)<\/a>\n\t\t\t\t\t<\/div>\n\t\t\t\t\t<div id=\"elementor-tab-content-2087\" class=\"elementor-tab-content elementor-clearfix\" data-tab=\"7\" role=\"region\" aria-labelledby=\"elementor-tab-title-2087\"><p>Bu sunumda \u00f6ncelikle, evrim, evrimsel kuvvet ve evrimsel yasa gibi kavramlardan ne anla\u015f\u0131ld\u0131\u011f\u0131 a\u00e7\u0131kland\u0131.<\/p><p>Ard\u0131ndan, biyolojik evrim kuram\u0131nda fiziktekine benzer yasalardan s\u00f6z etmenin m\u00fcmk\u00fcn olup olmad\u0131\u011f\u0131 sorusu tart\u0131\u015f\u0131ld\u0131 ve yasalar\u0131 i\u015flevleri a\u00e7\u0131s\u0131ndan de\u011ferlendirildi\u011finde buna evet yan\u0131t\u0131 vermenin m\u00fcmk\u00fcn oldu\u011fu de\u011ferlendirildi.<\/p><p>Bunun yan\u0131nda, canl\u0131 nedir sorusunun \u00f6nemi, biyolojik \u00f6zelliklerin fiziksel \u00f6zelliklere indirgenebilirli\u011fi, alturizm ve sosyobiyoloji gibi biyoloji felsefesi i\u00e7erisinde \u00f6nemli yer tutan tart\u0131\u015fmalara da de\u011finildi.<\/p><\/div>\n\t\t\t\t<\/div>\n\t\t\t\t\t\t\t<div class=\"elementor-accordion-item\">\n\t\t\t\t\t<div id=\"elementor-tab-title-2088\" class=\"elementor-tab-title\" data-tab=\"8\" role=\"button\" aria-controls=\"elementor-tab-content-2088\" aria-expanded=\"false\">\n\t\t\t\t\t\t\t\t\t\t\t\t\t<span class=\"elementor-accordion-icon elementor-accordion-icon-left\" aria-hidden=\"true\">\n\t\t\t\t\t\t\t\t\t\t\t\t\t\t\t<span class=\"elementor-accordion-icon-closed\"><svg class=\"e-font-icon-svg e-fas-plus\" viewBox=\"0 0 448 512\" xmlns=\"http:\/\/www.w3.org\/2000\/svg\"><path d=\"M416 208H272V64c0-17.67-14.33-32-32-32h-32c-17.67 0-32 14.33-32 32v144H32c-17.67 0-32 14.33-32 32v32c0 17.67 14.33 32 32 32h144v144c0 17.67 14.33 32 32 32h32c17.67 0 32-14.33 32-32V304h144c17.67 0 32-14.33 32-32v-32c0-17.67-14.33-32-32-32z\"><\/path><\/svg><\/span>\n\t\t\t\t\t\t\t\t<span class=\"elementor-accordion-icon-opened\"><svg class=\"e-font-icon-svg e-fas-minus\" viewBox=\"0 0 448 512\" xmlns=\"http:\/\/www.w3.org\/2000\/svg\"><path d=\"M416 208H32c-17.67 0-32 14.33-32 32v32c0 17.67 14.33 32 32 32h384c17.67 0 32-14.33 32-32v-32c0-17.67-14.33-32-32-32z\"><\/path><\/svg><\/span>\n\t\t\t\t\t\t\t\t\t\t\t\t\t\t<\/span>\n\t\t\t\t\t\t\t\t\t\t\t\t<a class=\"elementor-accordion-title\" tabindex=\"0\">Beynin Evrimi (It\u0131r Ka\u015f\u0131k\u00e7\u0131)<\/a>\n\t\t\t\t\t<\/div>\n\t\t\t\t\t<div id=\"elementor-tab-content-2088\" class=\"elementor-tab-content elementor-clearfix\" data-tab=\"8\" role=\"region\" aria-labelledby=\"elementor-tab-title-2088\"><p>Sunumda sinir sisteminin evrimsel geli\u015fimi, embriyoloji ve i\u015flevsel anatomi perspektifinden anlat\u0131ld\u0131.<\/p><p>Geli\u015fimin her basama\u011f\u0131nda, \u00f6zellikle primatlarda sinir sisteminin evrimsel geli\u015fimi ile bili\u015fsel geli\u015fim aras\u0131ndaki ba\u011flar a\u00e7\u0131klanmaya \u00e7al\u0131\u015f\u0131ld\u0131.<\/p><\/div>\n\t\t\t\t<\/div>\n\t\t\t\t\t\t\t<div class=\"elementor-accordion-item\">\n\t\t\t\t\t<div id=\"elementor-tab-title-2089\" class=\"elementor-tab-title\" data-tab=\"9\" role=\"button\" aria-controls=\"elementor-tab-content-2089\" aria-expanded=\"false\">\n\t\t\t\t\t\t\t\t\t\t\t\t\t<span class=\"elementor-accordion-icon elementor-accordion-icon-left\" aria-hidden=\"true\">\n\t\t\t\t\t\t\t\t\t\t\t\t\t\t\t<span class=\"elementor-accordion-icon-closed\"><svg class=\"e-font-icon-svg e-fas-plus\" viewBox=\"0 0 448 512\" xmlns=\"http:\/\/www.w3.org\/2000\/svg\"><path d=\"M416 208H272V64c0-17.67-14.33-32-32-32h-32c-17.67 0-32 14.33-32 32v144H32c-17.67 0-32 14.33-32 32v32c0 17.67 14.33 32 32 32h144v144c0 17.67 14.33 32 32 32h32c17.67 0 32-14.33 32-32V304h144c17.67 0 32-14.33 32-32v-32c0-17.67-14.33-32-32-32z\"><\/path><\/svg><\/span>\n\t\t\t\t\t\t\t\t<span class=\"elementor-accordion-icon-opened\"><svg class=\"e-font-icon-svg e-fas-minus\" viewBox=\"0 0 448 512\" xmlns=\"http:\/\/www.w3.org\/2000\/svg\"><path d=\"M416 208H32c-17.67 0-32 14.33-32 32v32c0 17.67 14.33 32 32 32h384c17.67 0 32-14.33 32-32v-32c0-17.67-14.33-32-32-32z\"><\/path><\/svg><\/span>\n\t\t\t\t\t\t\t\t\t\t\t\t\t\t<\/span>\n\t\t\t\t\t\t\t\t\t\t\t\t<a class=\"elementor-accordion-title\" tabindex=\"0\">\u0130lk \u0130nsans\u0131lar\u0131n D\u00fcnyaya Yay\u0131l\u0131\u015f\u0131 (Berkay Din\u00e7er)<\/a>\n\t\t\t\t\t<\/div>\n\t\t\t\t\t<div id=\"elementor-tab-content-2089\" class=\"elementor-tab-content elementor-clearfix\" data-tab=\"9\" role=\"region\" aria-labelledby=\"elementor-tab-title-2089\"><p>Sunumda, bug\u00fcnk\u00fc Afrika\u2019dan \u00e7\u0131k\u0131\u015f teorilerinde belirgin olarak ortaya \u00e7\u0131kan Avrupa-merkezcili\u011fin varl\u0131\u011f\u0131 \u00fczerinde duruldu.<\/p><p>As\u0131l olarak ta\u015f aletlerin insan i\u00e7in \u00f6nemi ve insan\u0131n onla de\u011fi\u015fmesine de\u011finildi.<\/p><p>Afrika d\u0131\u015f\u0131na yay\u0131l\u0131mlar da bununla ilgili de\u011ferlendirildi.<\/p><\/div>\n\t\t\t\t<\/div>\n\t\t\t\t\t\t\t<div class=\"elementor-accordion-item\">\n\t\t\t\t\t<div id=\"elementor-tab-title-20810\" class=\"elementor-tab-title\" data-tab=\"10\" role=\"button\" aria-controls=\"elementor-tab-content-20810\" aria-expanded=\"false\">\n\t\t\t\t\t\t\t\t\t\t\t\t\t<span class=\"elementor-accordion-icon elementor-accordion-icon-left\" aria-hidden=\"true\">\n\t\t\t\t\t\t\t\t\t\t\t\t\t\t\t<span class=\"elementor-accordion-icon-closed\"><svg class=\"e-font-icon-svg e-fas-plus\" viewBox=\"0 0 448 512\" xmlns=\"http:\/\/www.w3.org\/2000\/svg\"><path d=\"M416 208H272V64c0-17.67-14.33-32-32-32h-32c-17.67 0-32 14.33-32 32v144H32c-17.67 0-32 14.33-32 32v32c0 17.67 14.33 32 32 32h144v144c0 17.67 14.33 32 32 32h32c17.67 0 32-14.33 32-32V304h144c17.67 0 32-14.33 32-32v-32c0-17.67-14.33-32-32-32z\"><\/path><\/svg><\/span>\n\t\t\t\t\t\t\t\t<span class=\"elementor-accordion-icon-opened\"><svg class=\"e-font-icon-svg e-fas-minus\" viewBox=\"0 0 448 512\" xmlns=\"http:\/\/www.w3.org\/2000\/svg\"><path d=\"M416 208H32c-17.67 0-32 14.33-32 32v32c0 17.67 14.33 32 32 32h384c17.67 0 32-14.33 32-32v-32c0-17.67-14.33-32-32-32z\"><\/path><\/svg><\/span>\n\t\t\t\t\t\t\t\t\t\t\t\t\t\t<\/span>\n\t\t\t\t\t\t\t\t\t\t\t\t<a class=\"elementor-accordion-title\" tabindex=\"0\">Evrim Kuram\u0131 ve Arkeoloji (\u00c7iler \u00c7ilingiro\u011flu)<\/a>\n\t\t\t\t\t<\/div>\n\t\t\t\t\t<div id=\"elementor-tab-content-20810\" class=\"elementor-tab-content elementor-clearfix\" data-tab=\"10\" role=\"region\" aria-labelledby=\"elementor-tab-title-20810\"><p><em>&#8220;Biyolojik evrim ile k\u00fclt\u00fcrel evrimin i\u015fleyi\u015f mekanizmalar\u0131 aras\u0131nda \u00e7ok say\u0131da fark bulunmas\u0131na kar\u015f\u0131n, evrim kuram\u0131, insan k\u00fclt\u00fcrlerinin tarihsel ser\u00fcvenini kavramam\u0131zda \u00f6nemli bir yol g\u00f6sterici olmay\u0131 s\u00fcrd\u00fcrmektedir. <\/em><\/p><p><em>Arkeoloji, insan\u0131n, ilk aleti yapt\u0131\u011f\u0131 d\u00f6nemden modern zamana kadar geride b\u0131rakt\u0131\u011f\u0131 tarihsel s\u00fcreci inceleyen bir bilim dal\u0131 olarak, ge\u00e7mi\u015fi yorumlarken evrim kuram\u0131n\u0131n ilkelerinden de faydalan\u0131r. <\/em><\/p><p><em>K\u00fclt\u00fcrel evrim fikrinin ortaya \u00e7\u0131k\u0131\u015f\u0131 ve bunun arkeolojik kuramlara olan ilk ba\u015flarda g\u00f6r\u00fclen \u00f6nemli etkisinin, 1970\u2019lerde k\u00fclt\u00fcrel evrimin \u00e7izgisel ve indirgemeci y\u00f6nlerinin ele\u015ftiri g\u00f6rmesiyle geri planda kald\u0131\u011f\u0131n\u0131 g\u00f6rmekteyiz.&#8221;<\/em><\/p><p>Bu bilgiler \u0131\u015f\u0131\u011f\u0131nda sunum\u00a0 boyunca, yeni g\u00f6r\u00fc\u015fler \u00e7er\u00e7evesinde evrim kuram\u0131n\u0131n neden arkeolojide, dolay\u0131s\u0131yla insanl\u0131k tarihini yorumlamada, vazge\u00e7ilmez oldu\u011fu tart\u0131\u015f\u0131ld\u0131.<\/p><\/div>\n\t\t\t\t<\/div>\n\t\t\t\t\t\t\t<div class=\"elementor-accordion-item\">\n\t\t\t\t\t<div id=\"elementor-tab-title-20811\" class=\"elementor-tab-title\" data-tab=\"11\" role=\"button\" aria-controls=\"elementor-tab-content-20811\" aria-expanded=\"false\">\n\t\t\t\t\t\t\t\t\t\t\t\t\t<span class=\"elementor-accordion-icon elementor-accordion-icon-left\" aria-hidden=\"true\">\n\t\t\t\t\t\t\t\t\t\t\t\t\t\t\t<span class=\"elementor-accordion-icon-closed\"><svg class=\"e-font-icon-svg e-fas-plus\" viewBox=\"0 0 448 512\" xmlns=\"http:\/\/www.w3.org\/2000\/svg\"><path d=\"M416 208H272V64c0-17.67-14.33-32-32-32h-32c-17.67 0-32 14.33-32 32v144H32c-17.67 0-32 14.33-32 32v32c0 17.67 14.33 32 32 32h144v144c0 17.67 14.33 32 32 32h32c17.67 0 32-14.33 32-32V304h144c17.67 0 32-14.33 32-32v-32c0-17.67-14.33-32-32-32z\"><\/path><\/svg><\/span>\n\t\t\t\t\t\t\t\t<span class=\"elementor-accordion-icon-opened\"><svg class=\"e-font-icon-svg e-fas-minus\" viewBox=\"0 0 448 512\" xmlns=\"http:\/\/www.w3.org\/2000\/svg\"><path d=\"M416 208H32c-17.67 0-32 14.33-32 32v32c0 17.67 14.33 32 32 32h384c17.67 0 32-14.33 32-32v-32c0-17.67-14.33-32-32-32z\"><\/path><\/svg><\/span>\n\t\t\t\t\t\t\t\t\t\t\t\t\t\t<\/span>\n\t\t\t\t\t\t\t\t\t\t\t\t<a class=\"elementor-accordion-title\" tabindex=\"0\">Evrim ve \u0130nsan Davran\u0131\u015f\u0131 (Esra Mungan)<\/a>\n\t\t\t\t\t<\/div>\n\t\t\t\t\t<div id=\"elementor-tab-content-20811\" class=\"elementor-tab-content elementor-clearfix\" data-tab=\"11\" role=\"region\" aria-labelledby=\"elementor-tab-title-20811\"><p>Sunumda evrim teorisi \u00f6ncesi insan do\u011fas\u0131na bak\u0131\u015f ele al\u0131nd\u0131, ard\u0131ndan teorinin i\u00e7ine do\u011fdu\u011fu entelekt\u00fcel ortam ve teorinin temel i\u00e7eri\u011fi anlat\u0131ld\u0131.<\/p><p>Bu kapsamda evrim teorisinin s\u00f6yledi\u011fi ve s\u00f6ylemedi\u011fi \u015feylere vurgu yap\u0131larak bir yandan da evrim teorisi \u00e7evresinde d\u00f6nen tart\u0131\u015fmalar ele\u015ftirel bir bak\u0131\u015fla ele al\u0131nd\u0131.<\/p><p>Sunumun son b\u00f6l\u00fcm\u00fcnde ise, insan do\u011fas\u0131n\u0131n kimi temel davran\u0131\u015flar\u0131n\u0131n, evrimsel teori \u00e7er\u00e7evesinde nas\u0131l ele al\u0131nd\u0131\u011f\u0131 ve a\u00e7\u0131kland\u0131\u011f\u0131 anlat\u0131ld\u0131.<\/p><\/div>\n\t\t\t\t<\/div>\n\t\t\t\t\t\t\t\t<\/div>\n\t\t\t\t\t\t<\/div>\n\t\t\t\t<\/div>\n\t\t\t\t\t<\/div>\n\t\t\t\t<\/div>\n\t\t<div class=\"elementor-element elementor-element-60d7f23 e-flex e-con-boxed e-con e-parent\" data-id=\"60d7f23\" data-element_type=\"container\" data-e-type=\"container\">\n\t\t\t\t\t<div class=\"e-con-inner\">\n\t\t\t\t<div class=\"elementor-element elementor-element-f86a173 elementor-arrows-position-inside elementor-widget elementor-widget-image-carousel\" data-id=\"f86a173\" data-element_type=\"widget\" data-e-type=\"widget\" data-settings=\"{&quot;navigation&quot;:&quot;arrows&quot;,&quot;autoplay&quot;:&quot;yes&quot;,&quot;pause_on_hover&quot;:&quot;yes&quot;,&quot;pause_on_interaction&quot;:&quot;yes&quot;,&quot;autoplay_speed&quot;:5000,&quot;infinite&quot;:&quot;yes&quot;,&quot;speed&quot;:500}\" data-widget_type=\"image-carousel.default\">\n\t\t\t\t<div class=\"elementor-widget-container\">\n\t\t\t\t\t\t\t<div class=\"elementor-image-carousel-wrapper swiper\" role=\"region\" aria-roledescription=\"carousel\" aria-label=\"Resim D\u00f6ng\u00fcs\u00fc\" dir=\"ltr\">\n\t\t\t<div class=\"elementor-image-carousel swiper-wrapper\" aria-live=\"off\">\n\t\t\t\t\t\t\t\t<div class=\"swiper-slide\" role=\"group\" aria-roledescription=\"slide\" aria-label=\"1 \/ 4\"><figure class=\"swiper-slide-inner\"><img decoding=\"async\" class=\"swiper-slide-image\" src=\"https:\/\/www.logosseminerleri.org\/wp-content\/uploads\/2024\/03\/201205p1.png\" alt=\"201205p1\" \/><\/figure><\/div><div class=\"swiper-slide\" role=\"group\" aria-roledescription=\"slide\" aria-label=\"2 \/ 4\"><figure class=\"swiper-slide-inner\"><img decoding=\"async\" class=\"swiper-slide-image\" src=\"https:\/\/www.logosseminerleri.org\/wp-content\/uploads\/2024\/03\/201205p2.png\" alt=\"201205p2\" \/><\/figure><\/div><div class=\"swiper-slide\" role=\"group\" aria-roledescription=\"slide\" aria-label=\"3 \/ 4\"><figure class=\"swiper-slide-inner\"><img decoding=\"async\" class=\"swiper-slide-image\" src=\"https:\/\/www.logosseminerleri.org\/wp-content\/uploads\/2024\/03\/201205p3.png\" alt=\"201205p3\" \/><\/figure><\/div><div class=\"swiper-slide\" role=\"group\" aria-roledescription=\"slide\" aria-label=\"4 \/ 4\"><figure class=\"swiper-slide-inner\"><img decoding=\"async\" class=\"swiper-slide-image\" src=\"https:\/\/www.logosseminerleri.org\/wp-content\/uploads\/2024\/03\/201205p4.png\" alt=\"201205p4\" \/><\/figure><\/div>\t\t\t<\/div>\n\t\t\t\t\t\t\t\t\t\t\t\t<div class=\"elementor-swiper-button elementor-swiper-button-prev\" role=\"button\" tabindex=\"0\">\n\t\t\t\t\t\t<svg aria-hidden=\"true\" class=\"e-font-icon-svg e-eicon-chevron-left\" viewBox=\"0 0 1000 1000\" xmlns=\"http:\/\/www.w3.org\/2000\/svg\"><path d=\"M646 125C629 125 613 133 604 142L308 442C296 454 292 471 292 487 292 504 296 521 308 533L604 854C617 867 629 875 646 875 663 875 679 871 692 858 704 846 713 829 713 812 713 796 708 779 692 767L438 487 692 225C700 217 708 204 708 187 708 171 704 154 692 142 675 129 663 125 646 125Z\"><\/path><\/svg>\t\t\t\t\t<\/div>\n\t\t\t\t\t<div class=\"elementor-swiper-button elementor-swiper-button-next\" role=\"button\" tabindex=\"0\">\n\t\t\t\t\t\t<svg aria-hidden=\"true\" class=\"e-font-icon-svg e-eicon-chevron-right\" viewBox=\"0 0 1000 1000\" xmlns=\"http:\/\/www.w3.org\/2000\/svg\"><path d=\"M696 533C708 521 713 504 713 487 713 471 708 454 696 446L400 146C388 133 375 125 354 125 338 125 325 129 313 142 300 154 292 171 292 187 292 204 296 221 308 233L563 492 304 771C292 783 288 800 288 817 288 833 296 850 308 863 321 871 338 875 354 875 371 875 388 867 400 854L696 533Z\"><\/path><\/svg>\t\t\t\t\t<\/div>\n\t\t\t\t\n\t\t\t\t\t\t\t\t\t<\/div>\n\t\t\t\t\t\t<\/div>\n\t\t\t\t<\/div>\n\t\t\t\t\t<\/div>\n\t\t\t\t<\/div>\n\t\t\t\t<\/div>\n\t\t","protected":false},"excerpt":{"rendered":"<p>Evrim kuram\u0131n\u0131n de\u011fi\u015fik y\u00f6nleriyle ele al\u0131nmas\u0131n\u0131 sa\u011flayarak, alan\u0131nda uzman biyolog, paleontolog, psikolog ve felsefecilerce de\u011fi\u015fik disiplinlerden gelen ara\u015ft\u0131rmac\u0131, \u00f6\u011frenci ve kat\u0131l\u0131mc\u0131lara sunmaya \u00e7al\u0131\u015ft\u0131k.<\/p>\n","protected":false},"author":1,"featured_media":0,"comment_status":"closed","ping_status":"open","sticky":false,"template":"","format":"standard","meta":{"footnotes":""},"categories":[51],"tags":[],"class_list":["post-1804","post","type-post","status-publish","format-standard","hentry","category-gecmis-bulusmalar"],"_links":{"self":[{"href":"https:\/\/www.logosseminerleri.org\/index.php\/wp-json\/wp\/v2\/posts\/1804","targetHints":{"allow":["GET"]}}],"collection":[{"href":"https:\/\/www.logosseminerleri.org\/index.php\/wp-json\/wp\/v2\/posts"}],"about":[{"href":"https:\/\/www.logosseminerleri.org\/index.php\/wp-json\/wp\/v2\/types\/post"}],"author":[{"embeddable":true,"href":"https:\/\/www.logosseminerleri.org\/index.php\/wp-json\/wp\/v2\/users\/1"}],"replies":[{"embeddable":true,"href":"https:\/\/www.logosseminerleri.org\/index.php\/wp-json\/wp\/v2\/comments?post=1804"}],"version-history":[{"count":88,"href":"https:\/\/www.logosseminerleri.org\/index.php\/wp-json\/wp\/v2\/posts\/1804\/revisions"}],"predecessor-version":[{"id":1929,"href":"https:\/\/www.logosseminerleri.org\/index.php\/wp-json\/wp\/v2\/posts\/1804\/revisions\/1929"}],"wp:attachment":[{"href":"https:\/\/www.logosseminerleri.org\/index.php\/wp-json\/wp\/v2\/media?parent=1804"}],"wp:term":[{"taxonomy":"category","embeddable":true,"href":"https:\/\/www.logosseminerleri.org\/index.php\/wp-json\/wp\/v2\/categories?post=1804"},{"taxonomy":"post_tag","embeddable":true,"href":"https:\/\/www.logosseminerleri.org\/index.php\/wp-json\/wp\/v2\/tags?post=1804"}],"curies":[{"name":"wp","href":"https:\/\/api.w.org\/{rel}","templated":true}]}}