{"id":1504,"date":"2023-10-06T08:00:11","date_gmt":"2023-10-06T05:00:11","guid":{"rendered":"https:\/\/www.logosseminerleri.org\/?p=1504"},"modified":"2024-10-08T09:58:11","modified_gmt":"2024-10-08T06:58:11","slug":"gelecek-bulusmasi","status":"publish","type":"post","link":"https:\/\/www.logosseminerleri.org\/index.php\/2023\/10\/06\/gelecek-bulusmasi\/","title":{"rendered":"Gelecek Bulu\u015fmas\u0131"},"content":{"rendered":"\t\t<div data-elementor-type=\"wp-post\" data-elementor-id=\"1504\" class=\"elementor elementor-1504\">\n\t\t\t\t<div class=\"elementor-element elementor-element-4da0016 e-flex e-con-boxed e-con e-parent\" data-id=\"4da0016\" data-element_type=\"container\" data-e-type=\"container\">\n\t\t\t\t\t<div class=\"e-con-inner\">\n\t\t\t\t<div class=\"elementor-element elementor-element-b80a944 elementor-widget elementor-widget-heading\" data-id=\"b80a944\" data-element_type=\"widget\" data-e-type=\"widget\" data-widget_type=\"heading.default\">\n\t\t\t\t<div class=\"elementor-widget-container\">\n\t\t\t\t\t<h2 class=\"elementor-heading-title elementor-size-default\">Gelecek Bulu\u015fmas\u0131, 6 Ekim 2023, Pastoral Vadi<\/h2>\t\t\t\t<\/div>\n\t\t\t\t<\/div>\n\t\t\t\t<div class=\"elementor-element elementor-element-da9ada0 elementor-widget elementor-widget-text-editor\" data-id=\"da9ada0\" data-element_type=\"widget\" data-e-type=\"widget\" data-widget_type=\"text-editor.default\">\n\t\t\t\t<div class=\"elementor-widget-container\">\n\t\t\t\t\t\t\t\t\t<p>2009 y\u0131l\u0131ndan bu yana Matematik K\u00f6y\u00fcnde ger\u00e7ekle\u015ftirilen Logos Seminerleri bir ka\u00e7 y\u0131ll\u0131k pandemi aras\u0131ndan sonra Gelecek Bulu\u015fmas\u0131 ile Pastoral Vadi\u2019de tekrar ba\u015flad\u0131.<\/p><p>Logos Seminerleri\u2019nin her bulu\u015fmas\u0131nda, belirlenen temay\u0131 farkl\u0131 disiplinler a\u00e7\u0131s\u0131ndan ele alan konu\u015fmalara yer verilmekte. Bu bulu\u015fmada da \u201cGelecek\u201d temas\u0131 farkl\u0131 disiplinler a\u00e7\u0131s\u0131ndan de\u011ferlendirildi.<\/p>\t\t\t\t\t\t\t\t<\/div>\n\t\t\t\t<\/div>\n\t\t\t\t<div class=\"elementor-element elementor-element-51b7a0d elementor-widget elementor-widget-accordion\" data-id=\"51b7a0d\" data-element_type=\"widget\" data-e-type=\"widget\" data-widget_type=\"accordion.default\">\n\t\t\t\t<div class=\"elementor-widget-container\">\n\t\t\t\t\t\t\t<div class=\"elementor-accordion\">\n\t\t\t\t\t\t\t<div class=\"elementor-accordion-item\">\n\t\t\t\t\t<div id=\"elementor-tab-title-8561\" class=\"elementor-tab-title\" data-tab=\"1\" role=\"button\" aria-controls=\"elementor-tab-content-8561\" aria-expanded=\"false\">\n\t\t\t\t\t\t\t\t\t\t\t\t\t<span class=\"elementor-accordion-icon elementor-accordion-icon-left\" aria-hidden=\"true\">\n\t\t\t\t\t\t\t\t\t\t\t\t\t\t\t<span class=\"elementor-accordion-icon-closed\"><svg class=\"e-font-icon-svg e-fas-plus\" viewBox=\"0 0 448 512\" xmlns=\"http:\/\/www.w3.org\/2000\/svg\"><path d=\"M416 208H272V64c0-17.67-14.33-32-32-32h-32c-17.67 0-32 14.33-32 32v144H32c-17.67 0-32 14.33-32 32v32c0 17.67 14.33 32 32 32h144v144c0 17.67 14.33 32 32 32h32c17.67 0 32-14.33 32-32V304h144c17.67 0 32-14.33 32-32v-32c0-17.67-14.33-32-32-32z\"><\/path><\/svg><\/span>\n\t\t\t\t\t\t\t\t<span class=\"elementor-accordion-icon-opened\"><svg class=\"e-font-icon-svg e-fas-minus\" viewBox=\"0 0 448 512\" xmlns=\"http:\/\/www.w3.org\/2000\/svg\"><path d=\"M416 208H32c-17.67 0-32 14.33-32 32v32c0 17.67 14.33 32 32 32h384c17.67 0 32-14.33 32-32v-32c0-17.67-14.33-32-32-32z\"><\/path><\/svg><\/span>\n\t\t\t\t\t\t\t\t\t\t\t\t\t\t<\/span>\n\t\t\t\t\t\t\t\t\t\t\t\t<a class=\"elementor-accordion-title\" tabindex=\"0\">Evrenin ve \u0130nsan\u0131n Gelece\u011fi (Necmi Bu\u011fdayc\u0131)<\/a>\n\t\t\t\t\t<\/div>\n\t\t\t\t\t<div id=\"elementor-tab-content-8561\" class=\"elementor-tab-content elementor-clearfix\" data-tab=\"1\" role=\"region\" aria-labelledby=\"elementor-tab-title-8561\"><p>Birinci b\u00f6l\u00fcmde bilimsel bir yakla\u015f\u0131mla evrenin gelece\u011fine dair sorular\u0131 Genel g\u00f6relilik ve Kuantum Kuramlar\u0131 kuramlar\u0131 \u00e7er\u00e7evesinde tart\u0131\u015ft\u0131k.<\/p><p><em> Yakla\u015f\u0131k 13.5 milyar y\u0131l \u00f6nce, s\u0131f\u0131ra yak\u0131n bir hacimden ba\u015flay\u0131p bug\u00fcne kadar s\u00fcrekli geni\u015flemeye devam eden evrenin gelece\u011fine dair senaryolar nelerdir? Gelecek, \u015fimdiden belli midir? Uzak bir gelece\u011fe k\u0131sa yoldan ula\u015fmak m\u00fcmk\u00fcn m\u00fcd\u00fcr?<\/em><\/p><p>\u0130kinci b\u00f6l\u00fcmde ise felsefi bir yakla\u015f\u0131mla, insan nedir ve gelecek alg\u0131s\u0131 nas\u0131l olmal\u0131d\u0131r sorular\u0131 \u00fczerinde durduk.<\/p><p><em>\u0130nsan uygarl\u0131\u011f\u0131n\u0131n kritik bir d\u00f6nemine do\u011fru ilerledi\u011fimiz kabul\u00fcnden yola \u00e7\u0131kt\u0131\u011f\u0131m\u0131z bu b\u00f6l\u00fcmde bu durumun insan\u0131n d\u00fcnya alg\u0131s\u0131 \u00fczerindeki etkileri \u00fczerinde konu\u015ftuk.<\/em><\/p><\/div>\n\t\t\t\t<\/div>\n\t\t\t\t\t\t\t<div class=\"elementor-accordion-item\">\n\t\t\t\t\t<div id=\"elementor-tab-title-8562\" class=\"elementor-tab-title\" data-tab=\"2\" role=\"button\" aria-controls=\"elementor-tab-content-8562\" aria-expanded=\"false\">\n\t\t\t\t\t\t\t\t\t\t\t\t\t<span class=\"elementor-accordion-icon elementor-accordion-icon-left\" aria-hidden=\"true\">\n\t\t\t\t\t\t\t\t\t\t\t\t\t\t\t<span class=\"elementor-accordion-icon-closed\"><svg class=\"e-font-icon-svg e-fas-plus\" viewBox=\"0 0 448 512\" xmlns=\"http:\/\/www.w3.org\/2000\/svg\"><path d=\"M416 208H272V64c0-17.67-14.33-32-32-32h-32c-17.67 0-32 14.33-32 32v144H32c-17.67 0-32 14.33-32 32v32c0 17.67 14.33 32 32 32h144v144c0 17.67 14.33 32 32 32h32c17.67 0 32-14.33 32-32V304h144c17.67 0 32-14.33 32-32v-32c0-17.67-14.33-32-32-32z\"><\/path><\/svg><\/span>\n\t\t\t\t\t\t\t\t<span class=\"elementor-accordion-icon-opened\"><svg class=\"e-font-icon-svg e-fas-minus\" viewBox=\"0 0 448 512\" xmlns=\"http:\/\/www.w3.org\/2000\/svg\"><path d=\"M416 208H32c-17.67 0-32 14.33-32 32v32c0 17.67 14.33 32 32 32h384c17.67 0 32-14.33 32-32v-32c0-17.67-14.33-32-32-32z\"><\/path><\/svg><\/span>\n\t\t\t\t\t\t\t\t\t\t\t\t\t\t<\/span>\n\t\t\t\t\t\t\t\t\t\t\t\t<a class=\"elementor-accordion-title\" tabindex=\"0\">Yapay Zekan\u0131n Evrimi ve Gelece\u011fi (Nilay T\u00fcfek \u00d6zkaya)<\/a>\n\t\t\t\t\t<\/div>\n\t\t\t\t\t<div id=\"elementor-tab-content-8562\" class=\"elementor-tab-content elementor-clearfix\" data-tab=\"2\" role=\"region\" aria-labelledby=\"elementor-tab-title-8562\"><p>Yapay zekan\u0131n ortaya \u00e7\u0131k\u0131\u015f\u0131n\u0131, kat etti\u011fi yolu, teknik evrimini ve g\u00fcn\u00fcm\u00fczdeki i\u015flevini konu\u015fup baz\u0131 sorulara cevap arad\u0131k. Bununla birlikte, &#8220;singularity&#8221; kavram\u0131 i\u00e7inde yapay zekan\u0131n gelece\u011fine dair ipu\u00e7lar\u0131n\u0131 da tart\u0131\u015ft\u0131k.<\/p><\/div>\n\t\t\t\t<\/div>\n\t\t\t\t\t\t\t<div class=\"elementor-accordion-item\">\n\t\t\t\t\t<div id=\"elementor-tab-title-8563\" class=\"elementor-tab-title\" data-tab=\"3\" role=\"button\" aria-controls=\"elementor-tab-content-8563\" aria-expanded=\"false\">\n\t\t\t\t\t\t\t\t\t\t\t\t\t<span class=\"elementor-accordion-icon elementor-accordion-icon-left\" aria-hidden=\"true\">\n\t\t\t\t\t\t\t\t\t\t\t\t\t\t\t<span class=\"elementor-accordion-icon-closed\"><svg class=\"e-font-icon-svg e-fas-plus\" viewBox=\"0 0 448 512\" xmlns=\"http:\/\/www.w3.org\/2000\/svg\"><path d=\"M416 208H272V64c0-17.67-14.33-32-32-32h-32c-17.67 0-32 14.33-32 32v144H32c-17.67 0-32 14.33-32 32v32c0 17.67 14.33 32 32 32h144v144c0 17.67 14.33 32 32 32h32c17.67 0 32-14.33 32-32V304h144c17.67 0 32-14.33 32-32v-32c0-17.67-14.33-32-32-32z\"><\/path><\/svg><\/span>\n\t\t\t\t\t\t\t\t<span class=\"elementor-accordion-icon-opened\"><svg class=\"e-font-icon-svg e-fas-minus\" viewBox=\"0 0 448 512\" xmlns=\"http:\/\/www.w3.org\/2000\/svg\"><path d=\"M416 208H32c-17.67 0-32 14.33-32 32v32c0 17.67 14.33 32 32 32h384c17.67 0 32-14.33 32-32v-32c0-17.67-14.33-32-32-32z\"><\/path><\/svg><\/span>\n\t\t\t\t\t\t\t\t\t\t\t\t\t\t<\/span>\n\t\t\t\t\t\t\t\t\t\t\t\t<a class=\"elementor-accordion-title\" tabindex=\"0\">Antroposen \u00c7a\u011f\u0131 (\u00c7iler \u00c7ilingiro\u011flu)<\/a>\n\t\t\t\t\t<\/div>\n\t\t\t\t\t<div id=\"elementor-tab-content-8563\" class=\"elementor-tab-content elementor-clearfix\" data-tab=\"3\" role=\"region\" aria-labelledby=\"elementor-tab-title-8563\"><p>Bu konu\u015fmada ge\u00e7mi\u015ften ve bug\u00fcnden esinle gelece\u011fe dair &#8220;Antroposen \u00c7a\u011f&#8221; \u0131n \u00f6n\u00fcne serilen farkl\u0131 patikalar\u0131 ve olas\u0131 \u00e7\u0131k\u0131\u015f yollar\u0131 tart\u0131\u015fmaya a\u00e7\u0131ld\u0131.<\/p><p><em>Yery\u00fcz\u00fcn\u00fcn zaman\u0131 de\u011fi\u015fiyor. Tan\u0131d\u0131k bildik havalar atmosferi terk ederken, epey uzun bir yaz \u00f6n\u00fcm\u00fczde bizi bekliyor. Jeolojik olarak tan\u0131ns\u0131n veya tan\u0131nmas\u0131n &#8220;Holosen&#8221;\u2019in son zamanlar\u0131 insan denen hayvan\u0131n gezegen nezdinde maj\u00f6r bir akt\u00f6re d\u00f6n\u00fc\u015ft\u00fc\u011f\u00fc d\u00f6nem oldu. Canl\u0131lar\u0131 kas\u0131p kavuran, soylar\u0131n\u0131 kurutan, meyvelerin tozla\u015famad\u0131\u011f\u0131, sular\u0131n \u00f6zg\u00fcrce akamad\u0131\u011f\u0131, mercanlar\u0131n a\u011fard\u0131\u011f\u0131, denizlerin kabard\u0131\u011f\u0131 d\u00f6nemin ad\u0131na &#8220;Antroposen&#8221; diyoruz. \u00d6yle g\u00fc\u00e7l\u00fc bir betimleme ki bu, do\u011fal s\u00fcre\u00e7lerin art\u0131k biyosferi kontrol edemedi\u011fini anl\u0131yoruz. Atmosferik g\u00fc\u00e7lerin g\u00fcc\u00fcn\u00fcn yitti\u011fi veya geriledi\u011fi, kapitalist mentaliteyi i\u00e7selle\u015ftirmi\u015f bir insan etkinli\u011finin gemi az\u0131ya alarak koca bir gezegenin kaderini elinde tuttu\u011fu bir zaman dilimi. T\u00fcm bilimsel g\u00f6stergelerde say\u0131sal de\u011ferlerin grafikleri delercesine ivmelenmesi gelece\u011fe dair tasavvuru bir yandan kolayla\u015ft\u0131ran bir yandan da zorla\u015ft\u0131ran bir durum. <\/em><\/p><p><em>K\u0131yamet senaryolar\u0131n\u0131n ve \u201cy\u0131lg\u0131n kabulleni\u015flerin\u201d havada u\u00e7u\u015ftu\u011fu bu d\u00f6nemde gelece\u011fi insana ra\u011fmen ve insanla birlikte tasarlayabilmek hala m\u00fcmk\u00fcn m\u00fc? <\/em><\/p><\/div>\n\t\t\t\t<\/div>\n\t\t\t\t\t\t\t<div class=\"elementor-accordion-item\">\n\t\t\t\t\t<div id=\"elementor-tab-title-8564\" class=\"elementor-tab-title\" data-tab=\"4\" role=\"button\" aria-controls=\"elementor-tab-content-8564\" aria-expanded=\"false\">\n\t\t\t\t\t\t\t\t\t\t\t\t\t<span class=\"elementor-accordion-icon elementor-accordion-icon-left\" aria-hidden=\"true\">\n\t\t\t\t\t\t\t\t\t\t\t\t\t\t\t<span class=\"elementor-accordion-icon-closed\"><svg class=\"e-font-icon-svg e-fas-plus\" viewBox=\"0 0 448 512\" xmlns=\"http:\/\/www.w3.org\/2000\/svg\"><path d=\"M416 208H272V64c0-17.67-14.33-32-32-32h-32c-17.67 0-32 14.33-32 32v144H32c-17.67 0-32 14.33-32 32v32c0 17.67 14.33 32 32 32h144v144c0 17.67 14.33 32 32 32h32c17.67 0 32-14.33 32-32V304h144c17.67 0 32-14.33 32-32v-32c0-17.67-14.33-32-32-32z\"><\/path><\/svg><\/span>\n\t\t\t\t\t\t\t\t<span class=\"elementor-accordion-icon-opened\"><svg class=\"e-font-icon-svg e-fas-minus\" viewBox=\"0 0 448 512\" xmlns=\"http:\/\/www.w3.org\/2000\/svg\"><path d=\"M416 208H32c-17.67 0-32 14.33-32 32v32c0 17.67 14.33 32 32 32h384c17.67 0 32-14.33 32-32v-32c0-17.67-14.33-32-32-32z\"><\/path><\/svg><\/span>\n\t\t\t\t\t\t\t\t\t\t\t\t\t\t<\/span>\n\t\t\t\t\t\t\t\t\t\t\t\t<a class=\"elementor-accordion-title\" tabindex=\"0\">Ebeveynlik 2.0: De\u011fi\u015fen D\u00fcnyada Ebeveynlik Yakla\u015f\u0131mlar\u0131 (Beng\u00fc Ayd\u0131nalp)<\/a>\n\t\t\t\t\t<\/div>\n\t\t\t\t\t<div id=\"elementor-tab-content-8564\" class=\"elementor-tab-content elementor-clearfix\" data-tab=\"4\" role=\"region\" aria-labelledby=\"elementor-tab-title-8564\"><p>Sunum, ebeveynlik anlay\u0131\u015f\u0131n\u0131n zaman i\u00e7indeki evrimini ele al\u0131yor. Ge\u00e7mi\u015fte otoriter tarzlar\u0131n h\u00fck\u00fcm s\u00fcrd\u00fc\u011f\u00fc d\u00f6nemden g\u00fcn\u00fcm\u00fczdeki bireysellik ve duygusal geli\u015fime vurgu yapan yakla\u015f\u0131mlara ge\u00e7i\u015f, teknoloji ve k\u00fclt\u00fcrel d\u00f6n\u00fc\u015f\u00fcmlerle \u015fekillenmi\u015ftir.<\/p><p>Sunum, ayn\u0131 zamanda, gelecekte daha fazla dijital entegrasyonun ve bireyselle\u015ftirilmi\u015f e\u011fitimin \u00f6nemine odaklan\u0131rken, sevgi, ilgi, s\u0131n\u0131rlar ve de\u011ferler gibi temel ebeveynlik ilkelerinin s\u00fcreklili\u011fini vurgulamay\u0131 ama\u00e7lam\u0131\u015ft\u0131r.<\/p><p>Ge\u00e7mi\u015ften g\u00fcn\u00fcm\u00fcze ve gelece\u011fe uzanan bir perspektifte ebeveynlik yakla\u015f\u0131mlar\u0131n\u0131n nas\u0131l de\u011fi\u015fti\u011fi ve temel de\u011ferlerin nas\u0131l korundu\u011funun ele al\u0131nd\u0131\u011f\u0131 sunum, teknoloji ve toplumsal\u00a0 de\u011fi\u015fimine ebeveynlerin rol\u00fcn\u00fc nas\u0131l etkiledi\u011fi \u00fczerine bir ak\u0131l y\u00fcr\u00fctme olarak de\u011ferlendirilebilir.<\/p><\/div>\n\t\t\t\t<\/div>\n\t\t\t\t\t\t\t<div class=\"elementor-accordion-item\">\n\t\t\t\t\t<div id=\"elementor-tab-title-8565\" class=\"elementor-tab-title\" data-tab=\"5\" role=\"button\" aria-controls=\"elementor-tab-content-8565\" aria-expanded=\"false\">\n\t\t\t\t\t\t\t\t\t\t\t\t\t<span class=\"elementor-accordion-icon elementor-accordion-icon-left\" aria-hidden=\"true\">\n\t\t\t\t\t\t\t\t\t\t\t\t\t\t\t<span class=\"elementor-accordion-icon-closed\"><svg class=\"e-font-icon-svg e-fas-plus\" viewBox=\"0 0 448 512\" xmlns=\"http:\/\/www.w3.org\/2000\/svg\"><path d=\"M416 208H272V64c0-17.67-14.33-32-32-32h-32c-17.67 0-32 14.33-32 32v144H32c-17.67 0-32 14.33-32 32v32c0 17.67 14.33 32 32 32h144v144c0 17.67 14.33 32 32 32h32c17.67 0 32-14.33 32-32V304h144c17.67 0 32-14.33 32-32v-32c0-17.67-14.33-32-32-32z\"><\/path><\/svg><\/span>\n\t\t\t\t\t\t\t\t<span class=\"elementor-accordion-icon-opened\"><svg class=\"e-font-icon-svg e-fas-minus\" viewBox=\"0 0 448 512\" xmlns=\"http:\/\/www.w3.org\/2000\/svg\"><path d=\"M416 208H32c-17.67 0-32 14.33-32 32v32c0 17.67 14.33 32 32 32h384c17.67 0 32-14.33 32-32v-32c0-17.67-14.33-32-32-32z\"><\/path><\/svg><\/span>\n\t\t\t\t\t\t\t\t\t\t\t\t\t\t<\/span>\n\t\t\t\t\t\t\t\t\t\t\t\t<a class=\"elementor-accordion-title\" tabindex=\"0\">Bilimsel Kavray\u0131\u015f \u00dczerine Tart\u0131\u015fma (Bora Cebeci)<\/a>\n\t\t\t\t\t<\/div>\n\t\t\t\t\t<div id=\"elementor-tab-content-8565\" class=\"elementor-tab-content elementor-clearfix\" data-tab=\"5\" role=\"region\" aria-labelledby=\"elementor-tab-title-8565\"><p><em>&#8221; Do\u011fa ve do\u011fan\u0131n yasalar\u0131 karanl\u0131kta gizliydi, Tanr\u0131, Newton olsun dedi ve her \u015fey ayd\u0131nland\u0131. &#8221; Alexander Pope<\/em><\/p><p>Sunumda bilimsel kavray\u0131\u015f tart\u0131\u015f\u0131larak, geli\u015fen yapay \u00f6\u011frenme metot ve teknolojileri ile bilimsel kavray\u0131\u015ftaki de\u011fi\u015fim \u00fczerinde duruldu.\u00a0<\/p><p>Kuantum mekani\u011fi ile 20.yy&#8217;da ya\u015fanan de\u011fi\u015fimin bir benzerini g\u00fcn\u00fcm\u00fczde yapay \u00f6\u011frenme metotlar\u0131n\u0131n kullan\u0131lmas\u0131 ile ya\u015famaktay\u0131z. Kuantum teorisi ile deterministik olmayan metotlara ge\u00e7i\u015f ve bilimsel \u00e7al\u0131\u015fmalarda kullan\u0131lmas\u0131n\u0131n kabul g\u00f6rmesi yeni bir geli\u015fme iken bir kara kutuya do\u011fru ilerlemekteyiz.<!-- notionvc: 20c66fec-5815-4f8d-9b7d-9dcbc74b82fb --><em><br \/><\/em><\/p><ul><li>Yapay \u00f6\u011frenme, hipotez ve teori olu\u015fturmada, bilimsel kavray\u0131\u015f geli\u015ftirmede yard\u0131mc\u0131 olabilir mi?<\/li><li>Yapay zeka ile bilimsel bilgi \u00fcretilebilir mi?<\/li><li>A\u00e7\u0131klay\u0131c\u0131l\u0131\u011f\u0131 olmayan bir y\u00f6ntem, bilimsel kabul edilebilir mi?\u00a0<\/li><li>Bilimsel bilginin a\u00e7\u0131klay\u0131c\u0131 (akla uygun, deterministik) olma zorunlulu\u011fu var m\u0131?\u00a0<!-- notionvc: 663a823d-3bd6-4640-979b-ac002d83397b --><\/li><\/ul><p>Sorular\u0131 tart\u0131\u015f\u0131ld\u0131.<\/p><p>\u00a0<\/p><p>\u00a0<\/p><\/div>\n\t\t\t\t<\/div>\n\t\t\t\t\t\t\t<div class=\"elementor-accordion-item\">\n\t\t\t\t\t<div id=\"elementor-tab-title-8566\" class=\"elementor-tab-title\" data-tab=\"6\" role=\"button\" aria-controls=\"elementor-tab-content-8566\" aria-expanded=\"false\">\n\t\t\t\t\t\t\t\t\t\t\t\t\t<span class=\"elementor-accordion-icon elementor-accordion-icon-left\" aria-hidden=\"true\">\n\t\t\t\t\t\t\t\t\t\t\t\t\t\t\t<span class=\"elementor-accordion-icon-closed\"><svg class=\"e-font-icon-svg e-fas-plus\" viewBox=\"0 0 448 512\" xmlns=\"http:\/\/www.w3.org\/2000\/svg\"><path d=\"M416 208H272V64c0-17.67-14.33-32-32-32h-32c-17.67 0-32 14.33-32 32v144H32c-17.67 0-32 14.33-32 32v32c0 17.67 14.33 32 32 32h144v144c0 17.67 14.33 32 32 32h32c17.67 0 32-14.33 32-32V304h144c17.67 0 32-14.33 32-32v-32c0-17.67-14.33-32-32-32z\"><\/path><\/svg><\/span>\n\t\t\t\t\t\t\t\t<span class=\"elementor-accordion-icon-opened\"><svg class=\"e-font-icon-svg e-fas-minus\" viewBox=\"0 0 448 512\" xmlns=\"http:\/\/www.w3.org\/2000\/svg\"><path d=\"M416 208H32c-17.67 0-32 14.33-32 32v32c0 17.67 14.33 32 32 32h384c17.67 0 32-14.33 32-32v-32c0-17.67-14.33-32-32-32z\"><\/path><\/svg><\/span>\n\t\t\t\t\t\t\t\t\t\t\t\t\t\t<\/span>\n\t\t\t\t\t\t\t\t\t\t\t\t<a class=\"elementor-accordion-title\" tabindex=\"0\">Gelece\u011fin Kurmacas\u0131 (Af\u015fin Kum)<\/a>\n\t\t\t\t\t<\/div>\n\t\t\t\t\t<div id=\"elementor-tab-content-8566\" class=\"elementor-tab-content elementor-clearfix\" data-tab=\"6\" role=\"region\" aria-labelledby=\"elementor-tab-title-8566\"><p><em>&#8220;Gelecek, gelmeden o\u0308nce her zaman kendi kurmacada, romanda, o\u0308yku\u0308de, filmde yer bulur. Bilimkurgu, bu\u0308yu\u0308k fikirlerin, insanl\u0131g\u0306a ve tarihe dair fikirlerin sanat\u0131d\u0131r. Yazar, bugu\u0308ne ait veriyle geleceg\u0306i hayal eder. Asl\u0131nda gelecek kurmacas\u0131n\u0131n, geleceg\u0306i isabetle tahmin etmek gibi bir misyonu yoktur. Her eser, kendi yaz\u0131ld\u0131g\u0306\u0131 zaman\u0131n ruh halini yans\u0131t\u0131r, bir ac\u0327\u0131dan asl\u0131nda s\u0327imdiki zaman\u0131 anlat\u0131r. Fordizmin her s\u0327eyi do\u0308nu\u0308s\u0327tu\u0308rdu\u0308g\u0306u\u0308 c\u0327ag\u0306da Cesur Yeni Du\u0308nya yaz\u0131l\u0131r, fas\u0327izmin du\u0308nyay\u0131 altu\u0308st ettig\u0306i c\u0327ag\u0306da 1984.&#8221;<\/em><\/p><p>Bu konu\u015fmada, belli ba\u015fl\u0131 bilimkurgu klasikleri \u00fczerinden, bilimkurguda gelecek kurgular\u0131n\u0131n izini s\u00fcrmeye \u00e7al\u0131\u015ft\u0131k. Gelecek tahayy\u00fcl\u00fcn\u00fcn tarih boyunca de\u011fi\u015fimini ve kurmacan\u0131n gelece\u011fin kurulmas\u0131na etkisini tart\u0131\u015ft\u0131k.<\/p><\/div>\n\t\t\t\t<\/div>\n\t\t\t\t\t\t\t<div class=\"elementor-accordion-item\">\n\t\t\t\t\t<div id=\"elementor-tab-title-8567\" class=\"elementor-tab-title\" data-tab=\"7\" role=\"button\" aria-controls=\"elementor-tab-content-8567\" aria-expanded=\"false\">\n\t\t\t\t\t\t\t\t\t\t\t\t\t<span class=\"elementor-accordion-icon elementor-accordion-icon-left\" aria-hidden=\"true\">\n\t\t\t\t\t\t\t\t\t\t\t\t\t\t\t<span class=\"elementor-accordion-icon-closed\"><svg class=\"e-font-icon-svg e-fas-plus\" viewBox=\"0 0 448 512\" xmlns=\"http:\/\/www.w3.org\/2000\/svg\"><path d=\"M416 208H272V64c0-17.67-14.33-32-32-32h-32c-17.67 0-32 14.33-32 32v144H32c-17.67 0-32 14.33-32 32v32c0 17.67 14.33 32 32 32h144v144c0 17.67 14.33 32 32 32h32c17.67 0 32-14.33 32-32V304h144c17.67 0 32-14.33 32-32v-32c0-17.67-14.33-32-32-32z\"><\/path><\/svg><\/span>\n\t\t\t\t\t\t\t\t<span class=\"elementor-accordion-icon-opened\"><svg class=\"e-font-icon-svg e-fas-minus\" viewBox=\"0 0 448 512\" xmlns=\"http:\/\/www.w3.org\/2000\/svg\"><path d=\"M416 208H32c-17.67 0-32 14.33-32 32v32c0 17.67 14.33 32 32 32h384c17.67 0 32-14.33 32-32v-32c0-17.67-14.33-32-32-32z\"><\/path><\/svg><\/span>\n\t\t\t\t\t\t\t\t\t\t\t\t\t\t<\/span>\n\t\t\t\t\t\t\t\t\t\t\t\t<a class=\"elementor-accordion-title\" tabindex=\"0\">Gelece\u011fi D\u00fc\u015f\u00fcnmek (Demet Ay)<\/a>\n\t\t\t\t\t<\/div>\n\t\t\t\t\t<div id=\"elementor-tab-content-8567\" class=\"elementor-tab-content elementor-clearfix\" data-tab=\"7\" role=\"region\" aria-labelledby=\"elementor-tab-title-8567\"><p>Sunumda otobiyografik bellek ara\u015ft\u0131rmac\u0131s\u0131 g\u00f6z\u00fcyle, gelecek d\u00fc\u015f\u00fcncelerinde belle\u011fin rol\u00fcn\u00fc gelece\u011fi d\u00fc\u015f\u00fcnme ve ge\u00e7mi\u015fi hat\u0131rlama ba\u011flant\u0131s\u0131 \u00fczerinden tart\u0131\u015ft\u0131k.<\/p><p>\u00d6nce gelece\u011fi d\u00fc\u015f\u00fcnme ve ge\u00e7mi\u015fi hat\u0131rlama aras\u0131ndaki ili\u015fki \u00fczerine ortaya konmu\u015f ilgin\u00e7 kavramlar \u00fczerinde durduk.<\/p><p>Sonras\u0131nda, bu ikisi aras\u0131ndaki ili\u015fkiye i\u015flevsel perspektiften yakla\u015fmaya \u00e7al\u0131\u015ft\u0131k.<\/p><p>Ge\u00e7mi\u015fi hat\u0131rlaman\u0131n en temel i\u015flevlerinden biri gelecekle ilgili planlar yapmak ve birtak\u0131m tahminlerde bulunmak. Bu konu\u015fmada da hat\u0131rlaman\u0131n bu iki i\u015flevi \u00fczerine yap\u0131lan ara\u015ft\u0131rmalardan bahsettikten sonra tahmin edilmesi zor gelecek olaylar\u0131n\u0131 d\u00fc\u015f\u00fcnmede ge\u00e7mi\u015fi hat\u0131rlaman\u0131n rol\u00fcn\u00fc vurgulad\u0131k.<\/p><\/div>\n\t\t\t\t<\/div>\n\t\t\t\t\t\t\t<div class=\"elementor-accordion-item\">\n\t\t\t\t\t<div id=\"elementor-tab-title-8568\" class=\"elementor-tab-title\" data-tab=\"8\" role=\"button\" aria-controls=\"elementor-tab-content-8568\" aria-expanded=\"false\">\n\t\t\t\t\t\t\t\t\t\t\t\t\t<span class=\"elementor-accordion-icon elementor-accordion-icon-left\" aria-hidden=\"true\">\n\t\t\t\t\t\t\t\t\t\t\t\t\t\t\t<span class=\"elementor-accordion-icon-closed\"><svg class=\"e-font-icon-svg e-fas-plus\" viewBox=\"0 0 448 512\" xmlns=\"http:\/\/www.w3.org\/2000\/svg\"><path d=\"M416 208H272V64c0-17.67-14.33-32-32-32h-32c-17.67 0-32 14.33-32 32v144H32c-17.67 0-32 14.33-32 32v32c0 17.67 14.33 32 32 32h144v144c0 17.67 14.33 32 32 32h32c17.67 0 32-14.33 32-32V304h144c17.67 0 32-14.33 32-32v-32c0-17.67-14.33-32-32-32z\"><\/path><\/svg><\/span>\n\t\t\t\t\t\t\t\t<span class=\"elementor-accordion-icon-opened\"><svg class=\"e-font-icon-svg e-fas-minus\" viewBox=\"0 0 448 512\" xmlns=\"http:\/\/www.w3.org\/2000\/svg\"><path d=\"M416 208H32c-17.67 0-32 14.33-32 32v32c0 17.67 14.33 32 32 32h384c17.67 0 32-14.33 32-32v-32c0-17.67-14.33-32-32-32z\"><\/path><\/svg><\/span>\n\t\t\t\t\t\t\t\t\t\t\t\t\t\t<\/span>\n\t\t\t\t\t\t\t\t\t\t\t\t<a class=\"elementor-accordion-title\" tabindex=\"0\">Davran\u0131\u015f Geneti\u011fi ve Gelece\u011fi (M\u00fcnire \u00d6zlem \u00c7evik)<\/a>\n\t\t\t\t\t<\/div>\n\t\t\t\t\t<div id=\"elementor-tab-content-8568\" class=\"elementor-tab-content elementor-clearfix\" data-tab=\"8\" role=\"region\" aria-labelledby=\"elementor-tab-title-8568\"><p><em>&#8220;Davran\u0131\u015f Bilimlerinin Gelece\u011fi &#8220;Bilim mi \u00f6nce geldi, teknoloji mi?&#8221; sorusu, tavuklu-yumurtali benzeri kadar meshur olamamissa da, yine epey \u00e7ene yormustur. Eskiden olsa &#8220;tabikisi de once bilim&#8221; deyiverirdim ama bugun oyle dusunmuyorum. Once davranis bilimlerine fikir, bilim ve teknolojinin nasil katki yaptigini, neyin eksik kaldigini anlatmaya calisacagim. Gecmisi anlatmak nispeten kolay; gelecek \u00f6ng\u00f6r\u00fcs\u00fc hakk\u0131nda daha sak\u0131n\u0131ml\u0131 olmak isterim ama teknolojinin pe\u015finden gidece\u011fimizi tahmin ediyorum.&#8221; &#8211; M\u00fcnire \u00d6zlem \u00c7evik<\/em><\/p><\/div>\n\t\t\t\t<\/div>\n\t\t\t\t\t\t\t<div class=\"elementor-accordion-item\">\n\t\t\t\t\t<div id=\"elementor-tab-title-8569\" class=\"elementor-tab-title\" data-tab=\"9\" role=\"button\" aria-controls=\"elementor-tab-content-8569\" aria-expanded=\"false\">\n\t\t\t\t\t\t\t\t\t\t\t\t\t<span class=\"elementor-accordion-icon elementor-accordion-icon-left\" aria-hidden=\"true\">\n\t\t\t\t\t\t\t\t\t\t\t\t\t\t\t<span class=\"elementor-accordion-icon-closed\"><svg class=\"e-font-icon-svg e-fas-plus\" viewBox=\"0 0 448 512\" xmlns=\"http:\/\/www.w3.org\/2000\/svg\"><path d=\"M416 208H272V64c0-17.67-14.33-32-32-32h-32c-17.67 0-32 14.33-32 32v144H32c-17.67 0-32 14.33-32 32v32c0 17.67 14.33 32 32 32h144v144c0 17.67 14.33 32 32 32h32c17.67 0 32-14.33 32-32V304h144c17.67 0 32-14.33 32-32v-32c0-17.67-14.33-32-32-32z\"><\/path><\/svg><\/span>\n\t\t\t\t\t\t\t\t<span class=\"elementor-accordion-icon-opened\"><svg class=\"e-font-icon-svg e-fas-minus\" viewBox=\"0 0 448 512\" xmlns=\"http:\/\/www.w3.org\/2000\/svg\"><path d=\"M416 208H32c-17.67 0-32 14.33-32 32v32c0 17.67 14.33 32 32 32h384c17.67 0 32-14.33 32-32v-32c0-17.67-14.33-32-32-32z\"><\/path><\/svg><\/span>\n\t\t\t\t\t\t\t\t\t\t\t\t\t\t<\/span>\n\t\t\t\t\t\t\t\t\t\t\t\t<a class=\"elementor-accordion-title\" tabindex=\"0\">Uzay Teknolojilerinin Gelece\u011fi (\u00d6zg\u00fcr Can \u00d6z\u00fcdo\u011fru)<\/a>\n\t\t\t\t\t<\/div>\n\t\t\t\t\t<div id=\"elementor-tab-content-8569\" class=\"elementor-tab-content elementor-clearfix\" data-tab=\"9\" role=\"region\" aria-labelledby=\"elementor-tab-title-8569\"><p><em>&#8220;Uzay her zaman insanl\u0131k i\u00e7in gizemlerle dolu ve ula\u015f\u0131lmas\u0131 g\u00fc\u00e7 bir alan olmu\u015ftur. Ya\u015fam\u0131n uzun tarihiyle k\u0131yaslad\u0131\u011f\u0131m\u0131zda, \u00e7ok k\u0131sa bir s\u00fcredir g\u00f6ky\u00fcz\u00fcndeki y\u0131ld\u0131zlar\u0131 modern bilimsel y\u00f6ntemin nesnel ak\u0131l y\u00fcr\u00fctme y\u00f6ntemleriyle inceliyoruz ve ondan da daha k\u0131sa s\u00fcredir D\u00fcnya atmosferinin d\u0131\u015f\u0131na yolculuklar yapmaya ba\u015flad\u0131k. Kimilerine g\u00f6re bu sebeple yolun daha \u00e7ok ba\u015f\u0131ndayken kimilerine g\u00f6reyse gezegenimize davran\u0131\u015f \u015feklimiz ve siyasi ko\u015fullar\u0131n getirdi\u011fi kutupla\u015fmadan \u00f6t\u00fcr\u00fc kendimizi yok etmek \u00fczereyiz.&#8221;<\/em><\/p><p>Bu konu\u015fmada, insanl\u0131\u011f\u0131n ni\u00e7in uzay ara\u015ft\u0131rmalar\u0131 yapt\u0131\u011f\u0131n\u0131 sorgulayan bir giri\u015fle ba\u015flayarak, so\u011fuk sava\u015f \u00f6zelinde 20. y\u00fczy\u0131la damgas\u0131n\u0131 vuran \u00f6nemli uzay ara\u015ft\u0131rmalar\u0131n\u0131 ve sonras\u0131nda 21. y\u00fczy\u0131lda uzay \u00e7al\u0131\u015fmalar\u0131n\u0131n evrildi\u011fi siyasi ortam\u0131n k\u0131sa bir yorumlamas\u0131n\u0131 yapt\u0131k.\u00a0<\/p><p>2023&#8217;e kadar modern d\u00fcnyada uzay akt\u00f6rlerinin yapt\u0131\u011f\u0131 \u00e7al\u0131\u015fmalar\u0131n bir derlemesini sunduk.<\/p><p>21. y\u00fczy\u0131l\u0131n ba\u015f\u0131ndaki siyasi ortamda ya\u015fanan de\u011fi\u015fiklikler ve bu de\u011fi\u015fimini uzay ara\u015ft\u0131rmalar\u0131na olan etkisini de\u011ferlendirdik.<\/p><p>Konu\u015fman\u0131n son k\u0131sm\u0131ndaysa D\u00fcnya y\u00f6r\u00fcngesinde \u00e7al\u0131\u015fma y\u00fcr\u00fctecek yeni uzay istasyonlar\u0131, uzay teleskoplar\u0131, potansiyel \u00e7\u0131lg\u0131n projelerle birlikte gezegenlararas\u0131 seyahat projeleri, Ay ile Mars&#8217;a yap\u0131lacak insanl\u0131 seyahatler, potansiyel kolonizasyon projeleri ve uzay madencili\u011fi gibi konularu ele ald\u0131k.<\/p><\/div>\n\t\t\t\t<\/div>\n\t\t\t\t\t\t\t<div class=\"elementor-accordion-item\">\n\t\t\t\t\t<div id=\"elementor-tab-title-85610\" class=\"elementor-tab-title\" data-tab=\"10\" role=\"button\" aria-controls=\"elementor-tab-content-85610\" aria-expanded=\"false\">\n\t\t\t\t\t\t\t\t\t\t\t\t\t<span class=\"elementor-accordion-icon elementor-accordion-icon-left\" aria-hidden=\"true\">\n\t\t\t\t\t\t\t\t\t\t\t\t\t\t\t<span class=\"elementor-accordion-icon-closed\"><svg class=\"e-font-icon-svg e-fas-plus\" viewBox=\"0 0 448 512\" xmlns=\"http:\/\/www.w3.org\/2000\/svg\"><path d=\"M416 208H272V64c0-17.67-14.33-32-32-32h-32c-17.67 0-32 14.33-32 32v144H32c-17.67 0-32 14.33-32 32v32c0 17.67 14.33 32 32 32h144v144c0 17.67 14.33 32 32 32h32c17.67 0 32-14.33 32-32V304h144c17.67 0 32-14.33 32-32v-32c0-17.67-14.33-32-32-32z\"><\/path><\/svg><\/span>\n\t\t\t\t\t\t\t\t<span class=\"elementor-accordion-icon-opened\"><svg class=\"e-font-icon-svg e-fas-minus\" viewBox=\"0 0 448 512\" xmlns=\"http:\/\/www.w3.org\/2000\/svg\"><path d=\"M416 208H32c-17.67 0-32 14.33-32 32v32c0 17.67 14.33 32 32 32h384c17.67 0 32-14.33 32-32v-32c0-17.67-14.33-32-32-32z\"><\/path><\/svg><\/span>\n\t\t\t\t\t\t\t\t\t\t\t\t\t\t<\/span>\n\t\t\t\t\t\t\t\t\t\t\t\t<a class=\"elementor-accordion-title\" tabindex=\"0\">Etik ve Hukuk Ba\u011flam\u0131nda Transh\u00fcmanizmin Gelece\u011fi (\u0130dil Kula)<\/a>\n\t\t\t\t\t<\/div>\n\t\t\t\t\t<div id=\"elementor-tab-content-85610\" class=\"elementor-tab-content elementor-clearfix\" data-tab=\"10\" role=\"region\" aria-labelledby=\"elementor-tab-title-85610\"><p><em>&#8220;Transhu\u0308manizm, temel olarak insan durumu u\u0308zerindeki gelis\u0327tirme ve iyiles\u0327tirmeleri amac\u0327lamaktad\u0131r. Gelis\u0327tirme, vu\u0308cudumuzun zay\u0131fl\u0131klar\u0131n\u0131 en aza indirmek veya daha fazlas\u0131, hem psikolojik hem de fiziksel anlamda biyolojik yeteneklerimizin dog\u0306al s\u0131n\u0131rlar\u0131n\u0131n o\u0308tesine gec\u0327mek anlam\u0131na gelebilir. Bu nedenle, Transhu\u0308manizm psikoloji, etik, sinirbilim, eg\u0306itim bilimi, teoloji gibi birc\u0327ok alan\u0131n dikkatini c\u0327ekmis\u0327tir. Transhu\u0308manizm, radikal argu\u0308manlar\u0131yla c\u0327ektig\u0306i dikkatten dolay\u0131 hem taraftar hem de eles\u0327tirel c\u0327evrelerde oldukc\u0327a tart\u0131s\u0327\u0131lm\u0131s\u0327t\u0131r.&#8221;<\/em><\/p><p>Tu\u0308m bunlar\u0131n \u0131s\u0327\u0131g\u0306\u0131nda bu sunumda insanl\u0131k durumunu, Transhumanizm&#8217;in tarihini ve ic\u0327erisindeki farkl\u0131 yaklas\u0327\u0131mlar\u0131 inceledikten sonra etik darbog\u0306azlar\u0131 ele ald\u0131k. Son olarak transhumanist vakalar\u0131n demokrasi, insan haklar\u0131 ve hukuk sistemleri ile bunlar\u0131n pratig\u0306i u\u0308zerindeki olas\u0131 etkilerini tart\u0131s\u0327t\u0131k.<\/p><\/div>\n\t\t\t\t<\/div>\n\t\t\t\t\t\t\t\t<\/div>\n\t\t\t\t\t\t<\/div>\n\t\t\t\t<\/div>\n\t\t\t\t\t<\/div>\n\t\t\t\t<\/div>\n\t\t<div class=\"elementor-element elementor-element-356566f e-flex e-con-boxed e-con e-parent\" data-id=\"356566f\" data-element_type=\"container\" data-e-type=\"container\">\n\t\t\t\t\t<div class=\"e-con-inner\">\n\t\t\t\t\t<\/div>\n\t\t\t\t<\/div>\n\t\t\t\t<\/div>\n\t\t","protected":false},"excerpt":{"rendered":"<p>2009 y\u0131l\u0131ndan bu yana Matematik K\u00f6y\u00fcnde ger\u00e7ekle\u015ftirilen Logos Seminerleri bir ka\u00e7 y\u0131ll\u0131k pandemi aras\u0131ndan sonra Gelecek Bulu\u015fmas\u0131 ile Pastoral Vadi\u2019de tekrar ba\u015flad\u0131. Logos Seminerleri\u2019nin her bulu\u015fmas\u0131nda, belirlenen temay\u0131 farkl\u0131 disiplinler a\u00e7\u0131s\u0131ndan ele alan konu\u015fmalara yer verilmekte. Bu bulu\u015fmada da \u201cGelecek\u201d temas\u0131 farkl\u0131 disiplinler a\u00e7\u0131s\u0131ndan de\u011ferlendirildi.<\/p>\n","protected":false},"author":1,"featured_media":1551,"comment_status":"closed","ping_status":"open","sticky":false,"template":"","format":"standard","meta":{"footnotes":""},"categories":[51],"tags":[],"class_list":["post-1504","post","type-post","status-publish","format-standard","has-post-thumbnail","hentry","category-gecmis-bulusmalar"],"_links":{"self":[{"href":"https:\/\/www.logosseminerleri.org\/index.php\/wp-json\/wp\/v2\/posts\/1504","targetHints":{"allow":["GET"]}}],"collection":[{"href":"https:\/\/www.logosseminerleri.org\/index.php\/wp-json\/wp\/v2\/posts"}],"about":[{"href":"https:\/\/www.logosseminerleri.org\/index.php\/wp-json\/wp\/v2\/types\/post"}],"author":[{"embeddable":true,"href":"https:\/\/www.logosseminerleri.org\/index.php\/wp-json\/wp\/v2\/users\/1"}],"replies":[{"embeddable":true,"href":"https:\/\/www.logosseminerleri.org\/index.php\/wp-json\/wp\/v2\/comments?post=1504"}],"version-history":[{"count":124,"href":"https:\/\/www.logosseminerleri.org\/index.php\/wp-json\/wp\/v2\/posts\/1504\/revisions"}],"predecessor-version":[{"id":2414,"href":"https:\/\/www.logosseminerleri.org\/index.php\/wp-json\/wp\/v2\/posts\/1504\/revisions\/2414"}],"wp:featuredmedia":[{"embeddable":true,"href":"https:\/\/www.logosseminerleri.org\/index.php\/wp-json\/wp\/v2\/media\/1551"}],"wp:attachment":[{"href":"https:\/\/www.logosseminerleri.org\/index.php\/wp-json\/wp\/v2\/media?parent=1504"}],"wp:term":[{"taxonomy":"category","embeddable":true,"href":"https:\/\/www.logosseminerleri.org\/index.php\/wp-json\/wp\/v2\/categories?post=1504"},{"taxonomy":"post_tag","embeddable":true,"href":"https:\/\/www.logosseminerleri.org\/index.php\/wp-json\/wp\/v2\/tags?post=1504"}],"curies":[{"name":"wp","href":"https:\/\/api.w.org\/{rel}","templated":true}]}}